{"id":2138,"date":"2021-11-26T14:18:31","date_gmt":"2021-11-26T14:18:31","guid":{"rendered":"https:\/\/revistasincorgo.com.br\/?p=2325"},"modified":"2021-11-26T14:18:31","modified_gmt":"2021-11-26T14:18:31","slug":"comissao-discute-regras-para-a-venda-de-seguro-de-vida-para-idosos","status":"publish","type":"post","link":"https:\/\/revistasincorgo.com.br\/index.php\/2021\/11\/26\/comissao-discute-regras-para-a-venda-de-seguro-de-vida-para-idosos\/","title":{"rendered":"Comiss\u00e3o discute regras para a venda de seguro de vida para idosos"},"content":{"rendered":"\n<div class=\"wp-block-columns is-layout-flex wp-container-core-columns-is-layout-9d6595d7 wp-block-columns-is-layout-flex\">\n<div class=\"wp-block-column is-layout-flow wp-block-column-is-layout-flow\">\n<p>Foi discutido em audi\u00eancia p\u00fablica da Comiss\u00e3o de Defesa dos Direitos da Pessoa Idosa da C\u00e2mara dos Deputados, no \u00faltimo dia 18 de novembro, o projeto de lei que pro\u00edbe a discrimina\u00e7\u00e3o por idade nos contratos de seguro de vida.<\/p>\n\n\n\n<p>O <strong><a href=\"https:\/\/www.camara.leg.br\/noticias\/560468-projeto-combate-discriminacao-de-idosos-em-seguros-de-vida\">Projeto de Lei 2002\/19<\/a><\/strong>, de autoria do deputado Dr. Luiz Ant\u00f4nio Teixeira Jr. (PP-RJ), altera o Estatuto do Idoso e o C\u00f3digo de Defesa do Consumidor. O texto pro\u00edbe ainda a cobran\u00e7a, por parte dos planos de sa\u00fade e das operadoras de seguro de vida, valores diferenciados por causa da idade do segurado.<\/p>\n\n\n\n<p>A proposta tamb\u00e9m prev\u00ea a anula\u00e7\u00e3o de cl\u00e1usulas nos contratos de seguros firmados h\u00e1 mais de 10 anos, por pessoas com mais de 60 anos, que permitam a rescis\u00e3o unilateral por parte da empresa, pr\u00eamios diferenciados por conta da idade, e reajustes acima da varia\u00e7\u00e3o anual do \u00cdndice Geral de Pre\u00e7os de Mercado (IGP-M).<\/p>\n\n\n\n<p>O assunto foi amplamente debatido durante a audi\u00eancia, no entanto, dirigentes da entidade que representa as empresas e a Superintend\u00eancia de Seguros Privados (Susep) afirmaram que o C\u00f3digo Civil e a resolu\u00e7\u00e3o recente que regulamenta o mercado de seguros (Resolu\u00e7\u00e3o CNSP 382\/20) j\u00e1 s\u00e3o suficientes para proteger o consumidor.<\/p>\n\n\n\n<p>Ana Fl\u00e1via Ferraz, representante da Associa\u00e7\u00e3o Nacional de Previd\u00eancia Privada e Vida (Fenaprevi) negou discrimina\u00e7\u00e3o contra os idosos e disse que o mercado de seguros est\u00e1 acompanhando a mudan\u00e7a no perfil demogr\u00e1fico. &nbsp;<\/p>\n<\/div>\n\n\n\n<div class=\"wp-block-column is-layout-flow wp-block-column-is-layout-flow\">\n<figure class=\"wp-block-image size-large\"><img decoding=\"async\" src=\"https:\/\/revistasincorgo.com.br\/wp-content\/uploads\/2021\/11\/camillo-1-2.png\" alt=\"\" class=\"wp-image-2326\"\/><figcaption>Susep publica Resolu\u00e7\u00e3o sobre credenciamento das SISS (Foto: Freepik)<\/figcaption><\/figure>\n\n\n\n<p>\u201cAcima de 60, acima de 70, at\u00e9 80 anos de idade, h\u00e1 produtos espec\u00edficos para essa faixa et\u00e1ria, hoje dispon\u00edveis para a contrata\u00e7\u00e3o e, al\u00e9m da extens\u00e3o da idade de contrata\u00e7\u00e3o, tamb\u00e9m \u00e9 poss\u00edvel encontrar coberturas espec\u00edficas voltadas para o p\u00fablico de mais idade\u201d, disse.<\/p>\n\n\n\n<p>J\u00e1 a deputada Paula Belmonte (Cidadania-DF), que \u00e9 relatora da proposta em debate, afirmou entender as especificidades do mercado, mas se preocupa com a expectativa de renova\u00e7\u00e3o dos contratos que \u00e9 comum entre os consumidores.<\/p>\n\n\n\n<p>\u201cN\u00f3s recebemos v\u00e1rias den\u00fancias aqui na comiss\u00e3o a respeito de pessoas que contribu\u00edram com o seguro de vida ao longo de sua vida e no momento que talvez seria uma garantia, aquele seguro \u00e9 cancelado. Ent\u00e3o eu acredito que a gente precisa construir algo que traga uma seguran\u00e7a\u201d, observou.<\/p>\n<\/div>\n<\/div>\n","protected":false},"excerpt":{"rendered":"<p>Foi discutido em audi\u00eancia p\u00fablica da Comiss\u00e3o de Defesa dos Direitos da Pessoa Idosa da C\u00e2mara dos Deputados, no \u00faltimo dia 18 de novembro, o projeto de lei que pro\u00edbe a discrimina\u00e7\u00e3o por idade nos contratos de seguro de vida. O Projeto de Lei 2002\/19, de autoria do deputado Dr. Luiz Ant\u00f4nio Teixeira Jr. (PP-RJ), [&hellip;]<\/p>\n","protected":false},"author":1,"featured_media":2139,"comment_status":"open","ping_status":"open","sticky":false,"template":"","format":"standard","meta":{"footnotes":""},"categories":[46,53],"tags":[],"class_list":["post-2138","post","type-post","status-publish","format-standard","has-post-thumbnail","hentry","category-destaques","category-novembro-2021-126"],"_links":{"self":[{"href":"https:\/\/revistasincorgo.com.br\/index.php\/wp-json\/wp\/v2\/posts\/2138","targetHints":{"allow":["GET"]}}],"collection":[{"href":"https:\/\/revistasincorgo.com.br\/index.php\/wp-json\/wp\/v2\/posts"}],"about":[{"href":"https:\/\/revistasincorgo.com.br\/index.php\/wp-json\/wp\/v2\/types\/post"}],"author":[{"embeddable":true,"href":"https:\/\/revistasincorgo.com.br\/index.php\/wp-json\/wp\/v2\/users\/1"}],"replies":[{"embeddable":true,"href":"https:\/\/revistasincorgo.com.br\/index.php\/wp-json\/wp\/v2\/comments?post=2138"}],"version-history":[{"count":0,"href":"https:\/\/revistasincorgo.com.br\/index.php\/wp-json\/wp\/v2\/posts\/2138\/revisions"}],"wp:featuredmedia":[{"embeddable":true,"href":"https:\/\/revistasincorgo.com.br\/index.php\/wp-json\/wp\/v2\/media\/2139"}],"wp:attachment":[{"href":"https:\/\/revistasincorgo.com.br\/index.php\/wp-json\/wp\/v2\/media?parent=2138"}],"wp:term":[{"taxonomy":"category","embeddable":true,"href":"https:\/\/revistasincorgo.com.br\/index.php\/wp-json\/wp\/v2\/categories?post=2138"},{"taxonomy":"post_tag","embeddable":true,"href":"https:\/\/revistasincorgo.com.br\/index.php\/wp-json\/wp\/v2\/tags?post=2138"}],"curies":[{"name":"wp","href":"https:\/\/api.w.org\/{rel}","templated":true}]}}